{"id":11024,"date":"2021-09-21T09:49:37","date_gmt":"2021-09-21T12:49:37","guid":{"rendered":"https:\/\/www.hospitaldelinares.gob.cl\/?p=11024"},"modified":"2021-09-23T15:15:06","modified_gmt":"2021-09-23T18:15:06","slug":"poblacion-anual","status":"publish","type":"post","link":"https:\/\/www.hospitaldelinares.gob.cl\/?p=11024","title":{"rendered":"Poblaci\u00f3n"},"content":{"rendered":"<p><a href=\"\/wp-content\/uploads\/2021\/09\/Poblacion-Proyectada-INE-2021-por-edades.xlsx\">Poblaci\u00f3n Proyectada INE 2021 por edades<\/a><\/p>\n<p><a href=\"\/wp-content\/uploads\/2021\/09\/Poblacion-Estimada-2021-Comunas-Costo-Fijo-basado-en-pob-bajo-control-sf.xlsx\">Poblaci\u00f3n Estimada 2021 Comunas Costo Fijo basado en pob bajo control sf<\/a><\/p>\n<p><a href=\"\/wp-content\/uploads\/2021\/09\/Poblacion-Estimada-2021-Hospitales-de-baja-Complejidad-basado-en-pob-bajo-control-sf.xlsx\">Poblaci\u00f3n Estimada 2021 Hospitales de baja Complejidad basado en pob bajo control sf<\/a><\/p>\n<p><a href=\"\/wp-content\/uploads\/2021\/09\/Poblacion-PerCapita-corte-sep-2020-por-edades.xlsx\">Poblaci\u00f3n PerCapita corte sep 2020 por edades<\/a><\/p>\n","protected":false},"excerpt":{"rendered":"<p>Poblaci\u00f3n Proyectada INE 2021 por edades Poblaci\u00f3n Estimada 2021 Comunas Costo Fijo basado en pob bajo control sf Poblaci\u00f3n Estimada 2021 Hospitales de baja Complejidad basado en pob bajo control sf Poblaci\u00f3n PerCapita corte sep [&hellip;]<\/p>\n","protected":false},"author":4,"featured_media":0,"comment_status":"closed","ping_status":"closed","sticky":false,"template":"","format":"standard","meta":{"footnotes":""},"categories":[52,53,95,101],"tags":[],"class_list":["post-11024","post","type-post","status-publish","format-standard","hentry","category-estadisticas","category-poblacion","category-poblacion_2018","category-poblacion2021"],"_links":{"self":[{"href":"https:\/\/www.hospitaldelinares.gob.cl\/index.php?rest_route=\/wp\/v2\/posts\/11024","targetHints":{"allow":["GET"]}}],"collection":[{"href":"https:\/\/www.hospitaldelinares.gob.cl\/index.php?rest_route=\/wp\/v2\/posts"}],"about":[{"href":"https:\/\/www.hospitaldelinares.gob.cl\/index.php?rest_route=\/wp\/v2\/types\/post"}],"author":[{"embeddable":true,"href":"https:\/\/www.hospitaldelinares.gob.cl\/index.php?rest_route=\/wp\/v2\/users\/4"}],"replies":[{"embeddable":true,"href":"https:\/\/www.hospitaldelinares.gob.cl\/index.php?rest_route=%2Fwp%2Fv2%2Fcomments&post=11024"}],"version-history":[{"count":5,"href":"https:\/\/www.hospitaldelinares.gob.cl\/index.php?rest_route=\/wp\/v2\/posts\/11024\/revisions"}],"predecessor-version":[{"id":11090,"href":"https:\/\/www.hospitaldelinares.gob.cl\/index.php?rest_route=\/wp\/v2\/posts\/11024\/revisions\/11090"}],"wp:attachment":[{"href":"https:\/\/www.hospitaldelinares.gob.cl\/index.php?rest_route=%2Fwp%2Fv2%2Fmedia&parent=11024"}],"wp:term":[{"taxonomy":"category","embeddable":true,"href":"https:\/\/www.hospitaldelinares.gob.cl\/index.php?rest_route=%2Fwp%2Fv2%2Fcategories&post=11024"},{"taxonomy":"post_tag","embeddable":true,"href":"https:\/\/www.hospitaldelinares.gob.cl\/index.php?rest_route=%2Fwp%2Fv2%2Ftags&post=11024"}],"curies":[{"name":"wp","href":"https:\/\/api.w.org\/{rel}","templated":true}]}}