{"id":10934,"date":"2021-09-06T16:15:45","date_gmt":"2021-09-06T19:15:45","guid":{"rendered":"https:\/\/www.hospitaldelinares.gob.cl\/?p=10934"},"modified":"2021-09-06T16:15:45","modified_gmt":"2021-09-06T19:15:45","slug":"organizacion-indigena-comapu-y-hospital-de-linares-realizaron-un-nguillipun-o-rogativa-en-el-frontis","status":"publish","type":"post","link":"https:\/\/www.hospitaldelinares.gob.cl\/?p=10934","title":{"rendered":"Organizaci\u00f3n ind\u00edgena COMAPU y Hospital de Linares, realizaron un Nguillip\u00fan o rogativa en el frontis del centro asistencial."},"content":{"rendered":"<p>Iniciativa es parte del proceso de integraci\u00f3n de las tradiciones de nuestros pueblos originarios en el \u00e1mbito de la atenci\u00f3n hospitalaria y uso de la medicina complementaria (interculturalidad).<\/p>\n<p><a href=\"\/wp-content\/uploads\/2021\/09\/nguillapun-HBL-1.jpg\" rel=\"lightbox\" title=\"Organizaci\u00f3n ind\u00edgena COMAPU y Hospital de Linares, realizaron un Nguillip\u00fan o rogativa en el frontis del centro asistencial.\"><img loading=\"lazy\" decoding=\"async\" class=\"size-medium wp-image-10935 aligncenter\" src=\"\/wp-content\/uploads\/2021\/09\/nguillapun-HBL-1-481x320.jpg\" alt=\"\" width=\"481\" height=\"320\" srcset=\"https:\/\/www.hospitaldelinares.gob.cl\/wp-content\/uploads\/2021\/09\/nguillapun-HBL-1-481x320.jpg 481w, https:\/\/www.hospitaldelinares.gob.cl\/wp-content\/uploads\/2021\/09\/nguillapun-HBL-1.jpg 640w\" sizes=\"auto, (max-width: 481px) 100vw, 481px\" \/><\/a><\/p>\n<p>Plantando un canelo (\u00e1rbol sagrado) la agrupaci\u00f3n ind\u00edgena de Linares junto a funcionarios y autoridades del centro asistencial de Linares, pidieron por el bienestar de todas las personas que se atienden en el centro de salud y sus funcionarios, adem\u00e1s de pedir sabidur\u00eda para nuestras autoridades para la toma de buenas decisiones.<\/p>\n<p>La actividad dirigida por el Longko Juan \u00d1ancupil, se enmarcada en el proceso de integraci\u00f3n de pueblos originarios y uso de medicina complementaria.<\/p>\n<p>Germ\u00e1n Cheuque presidente de COMAPU, valoriz\u00f3 la instancia para acercar la medicina tradicional mapuche a la comunidad, adem\u00e1s de anunciar que se espera trabajar en conjunto para que en el futuro hospital poder contar con una ruca para la atenci\u00f3n de quienes adem\u00e1s quieran ser atendidos por una machi, destac\u00f3.<\/p>\n<p>Nolasco P\u00e9rez, director del hospital linarense, indic\u00f3 que estamos incorporando un trabajo de interculturalidad, por lo que agradecemos esta actividad, que esperamos fortalecer en el tiempo junto a nuestros usuarios.<\/p>\n\n\t\t<style type=\"text\/css\">\n\t\t\t#gallery-1 {\n\t\t\t\tmargin: auto;\n\t\t\t}\n\t\t\t#gallery-1 .gallery-item {\n\t\t\t\tfloat: left;\n\t\t\t\tmargin-top: 10px;\n\t\t\t\ttext-align: center;\n\t\t\t\twidth: 33%;\n\t\t\t}\n\t\t\t#gallery-1 img {\n\t\t\t\tborder: 2px solid #cfcfcf;\n\t\t\t}\n\t\t\t#gallery-1 .gallery-caption {\n\t\t\t\tmargin-left: 0;\n\t\t\t}\n\t\t\t\/* see gallery_shortcode() in wp-includes\/media.php *\/\n\t\t<\/style>\n\t\t<div id='gallery-1' class='gallery galleryid-10934 gallery-columns-3 gallery-size-thumbnail'><dl class='gallery-item'>\n\t\t\t<dt class='gallery-icon landscape'>\n\t\t\t\t<a href='https:\/\/www.hospitaldelinares.gob.cl\/?attachment_id=10936'><img loading=\"lazy\" decoding=\"async\" width=\"150\" height=\"150\" src=\"\/wp-content\/uploads\/2021\/09\/nguillapun-HBL-2-150x150.jpg\" class=\"attachment-thumbnail size-thumbnail\" alt=\"\" \/><\/a>\n\t\t\t<\/dt><\/dl><dl class='gallery-item'>\n\t\t\t<dt class='gallery-icon landscape'>\n\t\t\t\t<a href='https:\/\/www.hospitaldelinares.gob.cl\/?attachment_id=10937'><img loading=\"lazy\" decoding=\"async\" width=\"150\" height=\"150\" src=\"\/wp-content\/uploads\/2021\/09\/nguillapun-HBL-3-150x150.jpg\" class=\"attachment-thumbnail size-thumbnail\" alt=\"\" \/><\/a>\n\t\t\t<\/dt><\/dl><dl class='gallery-item'>\n\t\t\t<dt class='gallery-icon landscape'>\n\t\t\t\t<a href='https:\/\/www.hospitaldelinares.gob.cl\/?attachment_id=10938'><img loading=\"lazy\" decoding=\"async\" width=\"150\" height=\"150\" src=\"\/wp-content\/uploads\/2021\/09\/nguillapun-HBL-4-150x150.jpg\" class=\"attachment-thumbnail size-thumbnail\" alt=\"\" \/><\/a>\n\t\t\t<\/dt><\/dl><br style=\"clear: both\" \/>\n\t\t<\/div>\n\n","protected":false},"excerpt":{"rendered":"<p>Iniciativa es parte del proceso de integraci\u00f3n de las tradiciones de nuestros pueblos originarios en el \u00e1mbito de la atenci\u00f3n hospitalaria y uso de la medicina complementaria (interculturalidad). Plantando un canelo (\u00e1rbol sagrado) la agrupaci\u00f3n [&hellip;]<\/p>\n","protected":false},"author":8,"featured_media":10935,"comment_status":"closed","ping_status":"closed","sticky":false,"template":"","format":"standard","meta":{"footnotes":""},"categories":[5],"tags":[],"class_list":["post-10934","post","type-post","status-publish","format-standard","hentry","category-destacados"],"_links":{"self":[{"href":"https:\/\/www.hospitaldelinares.gob.cl\/index.php?rest_route=\/wp\/v2\/posts\/10934","targetHints":{"allow":["GET"]}}],"collection":[{"href":"https:\/\/www.hospitaldelinares.gob.cl\/index.php?rest_route=\/wp\/v2\/posts"}],"about":[{"href":"https:\/\/www.hospitaldelinares.gob.cl\/index.php?rest_route=\/wp\/v2\/types\/post"}],"author":[{"embeddable":true,"href":"https:\/\/www.hospitaldelinares.gob.cl\/index.php?rest_route=\/wp\/v2\/users\/8"}],"replies":[{"embeddable":true,"href":"https:\/\/www.hospitaldelinares.gob.cl\/index.php?rest_route=%2Fwp%2Fv2%2Fcomments&post=10934"}],"version-history":[{"count":1,"href":"https:\/\/www.hospitaldelinares.gob.cl\/index.php?rest_route=\/wp\/v2\/posts\/10934\/revisions"}],"predecessor-version":[{"id":10939,"href":"https:\/\/www.hospitaldelinares.gob.cl\/index.php?rest_route=\/wp\/v2\/posts\/10934\/revisions\/10939"}],"wp:featuredmedia":[{"embeddable":true,"href":"https:\/\/www.hospitaldelinares.gob.cl\/index.php?rest_route=\/wp\/v2\/media\/10935"}],"wp:attachment":[{"href":"https:\/\/www.hospitaldelinares.gob.cl\/index.php?rest_route=%2Fwp%2Fv2%2Fmedia&parent=10934"}],"wp:term":[{"taxonomy":"category","embeddable":true,"href":"https:\/\/www.hospitaldelinares.gob.cl\/index.php?rest_route=%2Fwp%2Fv2%2Fcategories&post=10934"},{"taxonomy":"post_tag","embeddable":true,"href":"https:\/\/www.hospitaldelinares.gob.cl\/index.php?rest_route=%2Fwp%2Fv2%2Ftags&post=10934"}],"curies":[{"name":"wp","href":"https:\/\/api.w.org\/{rel}","templated":true}]}}