{"id":10847,"date":"2021-06-15T12:13:57","date_gmt":"2021-06-15T15:13:57","guid":{"rendered":"https:\/\/www.hospitaldelinares.gob.cl\/?p=10847"},"modified":"2021-06-15T12:14:40","modified_gmt":"2021-06-15T15:14:40","slug":"resolucion-concurso-interno-encasillamiento-planta-tecnicos","status":"publish","type":"post","link":"https:\/\/www.hospitaldelinares.gob.cl\/?p=10847","title":{"rendered":"RESOLUCION CONCURSO INTERNO ENCASILLAMIENTO PLANTA TECNICOS"},"content":{"rendered":"<p>Estimado\/a:<\/p>\n<p>Junto con saludar, se informa que, con fecha 07 de junio de 2021 fue Tomada de Raz\u00f3n la Resoluci\u00f3n que Encasilla por Concurso Interno a personal de la Planta T\u00e9cnicos.<\/p>\n<p>Si est\u00e1s en la resoluci\u00f3n debes acudir a la Oficina del Jefe de Gesti\u00f3n de las Personas a firmar la NOTIFICACI\u00d3N de conformidad. Dicha notificaci\u00f3n se har\u00e1 hasta el jueves 17.06.2021 en horario de 08:00 a 13:00 y de 14:00 a 16:00 horas.<\/p>\n<p>Sin otro particular.<\/p>\n<p><a href=\"\/wp-content\/uploads\/2021\/06\/RESOL.-CONCURSO-INTERNO-ENCASILLAMIENTO-PLANTA-TECNICOS.pdf\">RESOL. CONCURSO INTERNO ENCASILLAMIENTO PLANTA TECNICOS<\/a><\/p>\n<p>Depto. Gesti\u00f3n de las Personas<\/p>\n<p>Hospital de Linares<\/p>\n","protected":false},"excerpt":{"rendered":"<p>Estimado\/a: Junto con saludar, se informa que, con fecha 07 de junio de 2021 fue Tomada de Raz\u00f3n la Resoluci\u00f3n que Encasilla por Concurso Interno a personal de la Planta T\u00e9cnicos. Si est\u00e1s en la [&hellip;]<\/p>\n","protected":false},"author":14,"featured_media":0,"comment_status":"closed","ping_status":"closed","sticky":false,"template":"","format":"standard","meta":{"footnotes":""},"categories":[84],"tags":[],"class_list":["post-10847","post","type-post","status-publish","format-standard","hentry","category-_gestionpersonas-archivos"],"_links":{"self":[{"href":"https:\/\/www.hospitaldelinares.gob.cl\/index.php?rest_route=\/wp\/v2\/posts\/10847","targetHints":{"allow":["GET"]}}],"collection":[{"href":"https:\/\/www.hospitaldelinares.gob.cl\/index.php?rest_route=\/wp\/v2\/posts"}],"about":[{"href":"https:\/\/www.hospitaldelinares.gob.cl\/index.php?rest_route=\/wp\/v2\/types\/post"}],"author":[{"embeddable":true,"href":"https:\/\/www.hospitaldelinares.gob.cl\/index.php?rest_route=\/wp\/v2\/users\/14"}],"replies":[{"embeddable":true,"href":"https:\/\/www.hospitaldelinares.gob.cl\/index.php?rest_route=%2Fwp%2Fv2%2Fcomments&post=10847"}],"version-history":[{"count":1,"href":"https:\/\/www.hospitaldelinares.gob.cl\/index.php?rest_route=\/wp\/v2\/posts\/10847\/revisions"}],"predecessor-version":[{"id":10849,"href":"https:\/\/www.hospitaldelinares.gob.cl\/index.php?rest_route=\/wp\/v2\/posts\/10847\/revisions\/10849"}],"wp:attachment":[{"href":"https:\/\/www.hospitaldelinares.gob.cl\/index.php?rest_route=%2Fwp%2Fv2%2Fmedia&parent=10847"}],"wp:term":[{"taxonomy":"category","embeddable":true,"href":"https:\/\/www.hospitaldelinares.gob.cl\/index.php?rest_route=%2Fwp%2Fv2%2Fcategories&post=10847"},{"taxonomy":"post_tag","embeddable":true,"href":"https:\/\/www.hospitaldelinares.gob.cl\/index.php?rest_route=%2Fwp%2Fv2%2Ftags&post=10847"}],"curies":[{"name":"wp","href":"https:\/\/api.w.org\/{rel}","templated":true}]}}