{"id":10717,"date":"2021-04-07T17:50:26","date_gmt":"2021-04-07T20:50:26","guid":{"rendered":"https:\/\/www.hospitaldelinares.gob.cl\/?p=10717"},"modified":"2021-04-07T17:50:26","modified_gmt":"2021-04-07T20:50:26","slug":"aumentan-a-33-las-camas-criticas-en-el-hospital-de-linares","status":"publish","type":"post","link":"https:\/\/www.hospitaldelinares.gob.cl\/?p=10717","title":{"rendered":"Aumentan a 33 las Camas Cr\u00edticas en el Hospital de Linares"},"content":{"rendered":"<p>Gestiones del Centro asistencial y el Servicio de salud permitieron la adquisici\u00f3n de 6 nuevos equipos para ampliar la capacidad de atenciones<\/p>\n<p><a href=\"\/wp-content\/uploads\/2021\/04\/ventiladores.jpg\" rel=\"lightbox\" title=\"Aumentan a 33 las Camas Cr\u00edticas en el Hospital de Linares\"><img loading=\"lazy\" decoding=\"async\" class=\"size-medium wp-image-10718 aligncenter\" src=\"\/wp-content\/uploads\/2021\/04\/ventiladores-574x320.jpg\" alt=\"\" width=\"574\" height=\"320\" srcset=\"https:\/\/www.hospitaldelinares.gob.cl\/wp-content\/uploads\/2021\/04\/ventiladores-574x320.jpg 574w, https:\/\/www.hospitaldelinares.gob.cl\/wp-content\/uploads\/2021\/04\/ventiladores.jpg 640w\" sizes=\"auto, (max-width: 574px) 100vw, 574px\" \/><\/a><\/p>\n<p>As\u00ed lo inform\u00f3 el director del establecimiento Nolasco P\u00e9rez, quien sostuvo que \u201cnuestra capacidad de camas cr\u00edticas va a aumentar en 6 cupos, ya que se ha entregado por parte del ministerio de salud y el servicio de salud del maule, 6 nuevos ventiladores mec\u00e1nicos que pondremos en servicio a la brevedad posible, completando 33 camas UCI y camas 12 intermedias\u201d.<\/p>\n<p>Agreg\u00f3 que \u201ces un esfuerzo enorme del hospital, del equipo profesional y de soporte para poder aumentar al m\u00e1ximo las camas cr\u00edticas tal como lo ha solicitado el ministerio\u201d.<\/p>\n<p>Finalmente, el directivo enfatiz\u00f3 en que, \u201csi bien el hospital est\u00e1 muy ocupado en dotaci\u00f3n de camas en servicio, formamos parte de una red integrada lo que siempre va a permitir que un paciente que necesite una cama, si no est\u00e1 disponible ac\u00e1, estar\u00e1 disponible en otro establecimiento y ser\u00e1 trasladado para su atenci\u00f3n. Estamos esperanzados en que el aumento de camas permitir\u00e1 dar el soporte necesario a la provincia de Linares y a la red integrada de camas del pa\u00eds.<\/p>\n","protected":false},"excerpt":{"rendered":"<p>Gestiones del Centro asistencial y el Servicio de salud permitieron la adquisici\u00f3n de 6 nuevos equipos para ampliar la capacidad de atenciones As\u00ed lo inform\u00f3 el director del establecimiento Nolasco P\u00e9rez, quien sostuvo que \u201cnuestra [&hellip;]<\/p>\n","protected":false},"author":8,"featured_media":10718,"comment_status":"closed","ping_status":"closed","sticky":false,"template":"","format":"standard","meta":{"footnotes":""},"categories":[5],"tags":[],"class_list":["post-10717","post","type-post","status-publish","format-standard","hentry","category-destacados"],"_links":{"self":[{"href":"https:\/\/www.hospitaldelinares.gob.cl\/index.php?rest_route=\/wp\/v2\/posts\/10717","targetHints":{"allow":["GET"]}}],"collection":[{"href":"https:\/\/www.hospitaldelinares.gob.cl\/index.php?rest_route=\/wp\/v2\/posts"}],"about":[{"href":"https:\/\/www.hospitaldelinares.gob.cl\/index.php?rest_route=\/wp\/v2\/types\/post"}],"author":[{"embeddable":true,"href":"https:\/\/www.hospitaldelinares.gob.cl\/index.php?rest_route=\/wp\/v2\/users\/8"}],"replies":[{"embeddable":true,"href":"https:\/\/www.hospitaldelinares.gob.cl\/index.php?rest_route=%2Fwp%2Fv2%2Fcomments&post=10717"}],"version-history":[{"count":1,"href":"https:\/\/www.hospitaldelinares.gob.cl\/index.php?rest_route=\/wp\/v2\/posts\/10717\/revisions"}],"predecessor-version":[{"id":10719,"href":"https:\/\/www.hospitaldelinares.gob.cl\/index.php?rest_route=\/wp\/v2\/posts\/10717\/revisions\/10719"}],"wp:featuredmedia":[{"embeddable":true,"href":"https:\/\/www.hospitaldelinares.gob.cl\/index.php?rest_route=\/wp\/v2\/media\/10718"}],"wp:attachment":[{"href":"https:\/\/www.hospitaldelinares.gob.cl\/index.php?rest_route=%2Fwp%2Fv2%2Fmedia&parent=10717"}],"wp:term":[{"taxonomy":"category","embeddable":true,"href":"https:\/\/www.hospitaldelinares.gob.cl\/index.php?rest_route=%2Fwp%2Fv2%2Fcategories&post=10717"},{"taxonomy":"post_tag","embeddable":true,"href":"https:\/\/www.hospitaldelinares.gob.cl\/index.php?rest_route=%2Fwp%2Fv2%2Ftags&post=10717"}],"curies":[{"name":"wp","href":"https:\/\/api.w.org\/{rel}","templated":true}]}}