{"id":10676,"date":"2021-03-10T09:14:07","date_gmt":"2021-03-10T12:14:07","guid":{"rendered":"https:\/\/www.hospitaldelinares.gob.cl\/?p=10676"},"modified":"2021-03-10T09:14:07","modified_gmt":"2021-03-10T12:14:07","slug":"emocion-y-agradecimiento-de-medicas-homenajeadas-en-1er-premio-a-la-mujer-medica-maulina","status":"publish","type":"post","link":"https:\/\/www.hospitaldelinares.gob.cl\/?p=10676","title":{"rendered":"Emoci\u00f3n y agradecimiento de m\u00e9dicas homenajeadas en 1er Premio a la Mujer M\u00e9dica Maulina"},"content":{"rendered":"<p><a href=\"\/wp-content\/uploads\/2021\/03\/Dra-Canessa-rebajado.jpg\" rel=\"lightbox\" title=\"Emoci\u00f3n y agradecimiento de m\u00e9dicas homenajeadas en 1er Premio a la Mujer M\u00e9dica Maulina\"><img loading=\"lazy\" decoding=\"async\" class=\"size-medium wp-image-10677 aligncenter\" src=\"\/wp-content\/uploads\/2021\/03\/Dra-Canessa-rebajado-480x320.jpg\" alt=\"\" width=\"480\" height=\"320\" srcset=\"https:\/\/www.hospitaldelinares.gob.cl\/wp-content\/uploads\/2021\/03\/Dra-Canessa-rebajado-480x320.jpg 480w, https:\/\/www.hospitaldelinares.gob.cl\/wp-content\/uploads\/2021\/03\/Dra-Canessa-rebajado.jpg 648w\" sizes=\"auto, (max-width: 480px) 100vw, 480px\" \/><\/a><\/p>\n<p>Concurso organizado por el Consejo Regional Maule del Colegio M\u00e9dico distingui\u00f3 a tres doctoras de dilatada trayectoria en diversos \u00e1mbitos. De esta forma y, tras recibir postulaciones repetidas de seis facultativas, resultaron homenajeadas las doctoras Mar\u00eda Aurora Canessa, Carmen Rojas de la Fuente y Zunilda Gambetta Alarc\u00f3n.<\/p>\n<p>En la intimidad del hogar o en el trabajo se realizaron las entregas del Premio a la Mujer M\u00e9dica Maulina que en su primera edici\u00f3n recay\u00f3 en manos de la Dra. Mar\u00eda Aurora Canessa, en la categor\u00eda de Trayectoria Acad\u00e9mica; en la Dra. Carmen Rojas, en Trayectoria Profesional; y en la Dra. Zunilda Gambeta, en Trayectoria Gremial.<\/p>\n<p>Cabe recordar que este concurso fue lanzado por la directiva de Colegio M\u00e9dico del Maule haciendo una invitaci\u00f3n a los colegas de la regi\u00f3n a postular a sus candidatas a trav\u00e9s de la p\u00e1gina web www.colmedmaule.cl. Se recibieron postulaciones repetidas de seis m\u00e9dicas, a quienes se les solicit\u00f3 su curr\u00edculum vitae, para la decisi\u00f3n final que adopt\u00f3 el Consejo Regional, planificando la entrega de dichos premios para hoy cuando se conmemora el D\u00eda Internacional de la Mujer.<\/p>\n<p><strong>Dra. Mar\u00eda Aurora Canessa, premio a la Trayectoria Acad\u00e9mica:<\/strong><\/p>\n<div id=\"attachment_10678\" style=\"width: 437px\" class=\"wp-caption aligncenter\"><a href=\"\/wp-content\/uploads\/2021\/03\/M-Aurora-Canessa.jpg\" rel=\"lightbox\" title=\"Emoci\u00f3n y agradecimiento de m\u00e9dicas homenajeadas en 1er Premio a la Mujer M\u00e9dica Maulina\"><img loading=\"lazy\" decoding=\"async\" aria-describedby=\"caption-attachment-10678\" class=\"size-medium wp-image-10678\" src=\"\/wp-content\/uploads\/2021\/03\/M-Aurora-Canessa-427x320.jpg\" alt=\"\" width=\"427\" height=\"320\" srcset=\"https:\/\/www.hospitaldelinares.gob.cl\/wp-content\/uploads\/2021\/03\/M-Aurora-Canessa-427x320.jpg 427w, https:\/\/www.hospitaldelinares.gob.cl\/wp-content\/uploads\/2021\/03\/M-Aurora-Canessa.jpg 640w\" sizes=\"auto, (max-width: 427px) 100vw, 427px\" \/><\/a><p id=\"caption-attachment-10678\" class=\"wp-caption-text\">smart<\/p><\/div>\n<p>Hasta el Hospital de Linares acudi\u00f3 el secretario de Colmed Maule, Dr. Carlos Toh\u00e1, para entregar este reconocimiento. En dicho lugar, los dirigentes capitulares, directivos y colegas acompa\u00f1aron la entrega en un emotivo encuentro en el que hubo mensajes de reconocimiento profesional y humano hacia la Dra. Canessa.<\/p>\n<p>La Dra. Canessa tiene un dilatado curr\u00edculum. M\u00e9dico Cirujano, Pediatra y Neonat\u00f3loga, Magister en Salud P\u00fablica, menci\u00f3n epidemiolog\u00eda; Diplomada en Ciencias Biom\u00e9dicas y en Metodolog\u00eda de la Investigaci\u00f3n M\u00e9dica. Destaca por el dise\u00f1o y puesta en marcha de Programa Ni\u00f1os y Adolescentes con Necesidades Especiales de Atenci\u00f3n de Salud, NANEAS, en el Hospital de Linares; con amplia trayectoria en docencia.<\/p>\n<p>Tras recibir el premio hoy, la Dra. Canessa declar\u00f3: \u201cuno trabaja y hace las cosas de acuerdo a la formaci\u00f3n que ha tenido, en su casa principalmente. Pienso que los m\u00e9dicos tenemos que ser ejemplo de \u00e9tica, de amor al pr\u00f3jimo\u201d.<\/p>\n<p>&nbsp;<\/p>\n<p><strong>Dra. Carmen Rojas de la Fuente, premio a la Trayectoria Profesional<\/strong><\/p>\n<p><a href=\"\/wp-content\/uploads\/2021\/03\/dra-Rojas.jpg\" rel=\"lightbox\" title=\"Emoci\u00f3n y agradecimiento de m\u00e9dicas homenajeadas en 1er Premio a la Mujer M\u00e9dica Maulina\"><img loading=\"lazy\" decoding=\"async\" class=\"size-medium wp-image-10679 aligncenter\" src=\"\/wp-content\/uploads\/2021\/03\/dra-Rojas-480x320.jpg\" alt=\"\" width=\"480\" height=\"320\" srcset=\"https:\/\/www.hospitaldelinares.gob.cl\/wp-content\/uploads\/2021\/03\/dra-Rojas-480x320.jpg 480w, https:\/\/www.hospitaldelinares.gob.cl\/wp-content\/uploads\/2021\/03\/dra-Rojas.jpg 648w\" sizes=\"auto, (max-width: 480px) 100vw, 480px\" \/><\/a><\/p>\n<p>Hasta el Cesfam La Florida, acudi\u00f3 la Dra. Dahiana Pulgar, presidenta de Colmed Maule, para entregar el premio a la Dra. Carmen Rojas de la Fuente por su Trayectoria Profesional, quien valor\u00f3 y felicit\u00f3 a la Dra. Rojas por el extraordinario curr\u00edculum que tiene y adem\u00e1s por seguir contribuyendo d\u00eda a d\u00eda al servicio de la medicina ya que pese a estar jubilada, trabaja en APS Talca.<\/p>\n<p>La Dra. Rojas comenz\u00f3 a trabajar en el Hospital de Talca el a\u00f1o 66, primero como auxiliar de enfermer\u00eda y a\u00f1os m\u00e1s tarde como m\u00e9dico cirujano pedi\u00e1trico. Ha realizado docencia en diversas casas de estudio. Asimismo, fund\u00f3 la Fundaci\u00f3n del Quemado Regi\u00f3n del Maule (Asoaquema), se ha dedicado a voluntariado en la Cruz Rojas, ente otras instituciones.<\/p>\n<p>Tras recibir el premio, la Dra. Rojas de la Fuente dijo que esto es \u201cgratamente sorprendente. Estoy realmente feliz. He pensado mucho con esto. Creo no merecer tanto, de verdad, porque el accionar de los m\u00e9dicos, el objetivo es nunca tener recompensa. Las cosas se dan. Pero que mis pares y que la direcci\u00f3n del Colegio M\u00e9dico me tenga presente, cuando estoy tan lejos (\u2026) es gratamente una sorpresa maravillosa.<\/p>\n<p>&nbsp;<\/p>\n<p><strong>Dra. Zunilda Gambetta, premio a la Trayectoria Gremial<\/strong><\/p>\n<p><a href=\"\/wp-content\/uploads\/2021\/03\/Dra-Gambetta-rebajada.jpg\" rel=\"lightbox\" title=\"Emoci\u00f3n y agradecimiento de m\u00e9dicas homenajeadas en 1er Premio a la Mujer M\u00e9dica Maulina\"><img loading=\"lazy\" decoding=\"async\" class=\"size-medium wp-image-10680 aligncenter\" src=\"\/wp-content\/uploads\/2021\/03\/Dra-Gambetta-rebajada-480x320.jpg\" alt=\"\" width=\"480\" height=\"320\" srcset=\"https:\/\/www.hospitaldelinares.gob.cl\/wp-content\/uploads\/2021\/03\/Dra-Gambetta-rebajada-480x320.jpg 480w, https:\/\/www.hospitaldelinares.gob.cl\/wp-content\/uploads\/2021\/03\/Dra-Gambetta-rebajada.jpg 648w\" sizes=\"auto, (max-width: 480px) 100vw, 480px\" \/><\/a><\/p>\n<p>En la intimidad de su hogar la Dra. Zunilda Gambetta recibi\u00f3 la visita del secretario de Colmed Maule, Dr. Carlos Toh\u00e1 quien entreg\u00f3 el obsequio a la Dra. agradeciendo su contribuci\u00f3n a la labor gremial al servicio del bienestar de los colegas de la regi\u00f3n.<\/p>\n<p>Cabe recordar que la Dra. Gambetta se ha desempe\u00f1ado en tres periodos como secretaria del Consejo Regional Maule y adem\u00e1s fue la primera mujer presidenta del gremio maulino entre los a\u00f1os 2014-2017.<\/p>\n<p>Al recibir este reconocimiento, agradeci\u00f3 \u201cprimero a quienes me postularon y segundo, a los que votaron por m\u00ed. De verdad que es emocionante sentir el reconocimiento de los colegas. Es muy bonito. Espero seguir sirviendo en lo que pueda\u201d.<\/p>\n<p>&nbsp;<\/p>\n","protected":false},"excerpt":{"rendered":"<p>Concurso organizado por el Consejo Regional Maule del Colegio M\u00e9dico distingui\u00f3 a tres doctoras de dilatada trayectoria en diversos \u00e1mbitos. De esta forma y, tras recibir postulaciones repetidas de seis facultativas, resultaron homenajeadas las doctoras [&hellip;]<\/p>\n","protected":false},"author":8,"featured_media":10677,"comment_status":"closed","ping_status":"closed","sticky":false,"template":"","format":"standard","meta":{"footnotes":""},"categories":[5],"tags":[],"class_list":["post-10676","post","type-post","status-publish","format-standard","hentry","category-destacados"],"_links":{"self":[{"href":"https:\/\/www.hospitaldelinares.gob.cl\/index.php?rest_route=\/wp\/v2\/posts\/10676","targetHints":{"allow":["GET"]}}],"collection":[{"href":"https:\/\/www.hospitaldelinares.gob.cl\/index.php?rest_route=\/wp\/v2\/posts"}],"about":[{"href":"https:\/\/www.hospitaldelinares.gob.cl\/index.php?rest_route=\/wp\/v2\/types\/post"}],"author":[{"embeddable":true,"href":"https:\/\/www.hospitaldelinares.gob.cl\/index.php?rest_route=\/wp\/v2\/users\/8"}],"replies":[{"embeddable":true,"href":"https:\/\/www.hospitaldelinares.gob.cl\/index.php?rest_route=%2Fwp%2Fv2%2Fcomments&post=10676"}],"version-history":[{"count":1,"href":"https:\/\/www.hospitaldelinares.gob.cl\/index.php?rest_route=\/wp\/v2\/posts\/10676\/revisions"}],"predecessor-version":[{"id":10681,"href":"https:\/\/www.hospitaldelinares.gob.cl\/index.php?rest_route=\/wp\/v2\/posts\/10676\/revisions\/10681"}],"wp:featuredmedia":[{"embeddable":true,"href":"https:\/\/www.hospitaldelinares.gob.cl\/index.php?rest_route=\/wp\/v2\/media\/10677"}],"wp:attachment":[{"href":"https:\/\/www.hospitaldelinares.gob.cl\/index.php?rest_route=%2Fwp%2Fv2%2Fmedia&parent=10676"}],"wp:term":[{"taxonomy":"category","embeddable":true,"href":"https:\/\/www.hospitaldelinares.gob.cl\/index.php?rest_route=%2Fwp%2Fv2%2Fcategories&post=10676"},{"taxonomy":"post_tag","embeddable":true,"href":"https:\/\/www.hospitaldelinares.gob.cl\/index.php?rest_route=%2Fwp%2Fv2%2Ftags&post=10676"}],"curies":[{"name":"wp","href":"https:\/\/api.w.org\/{rel}","templated":true}]}}