{"id":10591,"date":"2021-01-05T10:30:07","date_gmt":"2021-01-05T13:30:07","guid":{"rendered":"https:\/\/www.hospitaldelinares.gob.cl\/?p=10591"},"modified":"2021-01-05T10:30:07","modified_gmt":"2021-01-05T13:30:07","slug":"98-funcionarios-de-la-unidad-de-paciente-critico-recibieron-la-vacuna-covid-19-en-el-hospital-de-lin","status":"publish","type":"post","link":"https:\/\/www.hospitaldelinares.gob.cl\/?p=10591","title":{"rendered":"98 funcionarios de la Unidad de Paciente Cr\u00edtico Recibieron la Vacuna Covid 19 en el Hospital de Linares"},"content":{"rendered":"<p>Con esto se inicia el proceso de inoculaci\u00f3n que durante los pr\u00f3ximos meses espera ampliarse a la totalidad de funcionarios de salud de la provincia y grupos de riesgo<\/p>\n<p><a href=\"\/wp-content\/uploads\/2021\/01\/vacunacion-covid19-3.jpg\" rel=\"lightbox\" title=\"98 funcionarios de la Unidad de Paciente Cr\u00edtico Recibieron la Vacuna Covid 19 en el Hospital de Linares\"><img loading=\"lazy\" decoding=\"async\" class=\"size-medium wp-image-10592 aligncenter\" src=\"\/wp-content\/uploads\/2021\/01\/vacunacion-covid19-3-579x320.jpg\" alt=\"\" width=\"579\" height=\"320\" srcset=\"https:\/\/www.hospitaldelinares.gob.cl\/wp-content\/uploads\/2021\/01\/vacunacion-covid19-3-579x320.jpg 579w, https:\/\/www.hospitaldelinares.gob.cl\/wp-content\/uploads\/2021\/01\/vacunacion-covid19-3.jpg 640w\" sizes=\"auto, (max-width: 579px) 100vw, 579px\" \/><\/a><\/p>\n<p>Tras recibir el cargamento v\u00eda a\u00e9rea, en el centro asistencial linarense, los funcionarios recibieron la primera de 2 dosis de la vacuna Pfizer-BioNtech, lo que da inicio al proceso de vacunaci\u00f3n en nuestra provincia.<\/p>\n<p>El director del Servicio de Salud Maule, Dr. Luis Jaime sostuvo que \u201cson muy buenas noticias para nuestra regi\u00f3n y en particular para nuestros funcionarios de la unidad de paciente cr\u00edtico quienes est\u00e1n en mayor riesgo de contraer coronavirus, necesitamos protegerlos para que ellos luego nos protejan, luego se continuar\u00e1 con los funcionarios de urgencia, de salud primaria y los grupos de riesgo para los pr\u00f3ximos meses inocular a toda la poblaci\u00f3n\u201d destac\u00f3.<\/p>\n<p>Por su parte, la Gobernadora Provincial, M. Claudia Jorquera indic\u00f3 que \u201choy es un hito muy importante que vivimos en el hospital de linares, especialmente para todos los funcionarios de salud que han estado estos meses en la primera l\u00ednea, un reconocimiento para cada uno de ellos. Es un momento esperanzador, esperamos que en el primer trimestre podamos vacunar a toda la poblaci\u00f3n, sin embrago debemos llamar a la comunidad a mantener las medidas preventivas\u201d.<\/p>\n<p>El Dr. Ren\u00e9 Espinosa jefe de la Unidad de Paciente Cr\u00edtico, indic\u00f3 que \u201csiento que este proceso de vacunaci\u00f3n abre una esperanza en poder terminar esta pandemia, la vacunaci\u00f3n es una herramienta muy \u00fatil, pero adem\u00e1s se debe mantener las medidas preventivas. Es altamente eficaz para prevenir el contagio de coronavirus, as\u00ed como para evitar la gravedad de la enfermedad y el contagio especialmente en adultos mayores\u201d, destac\u00f3.<\/p>\n<p>La enfermera Roc\u00edo Contreras, quien recibi\u00f3 la vacuna manifest\u00f3 que \u201cnos sentimos muy afortunados ya que nosotros estamos horas expuestos a pacientes con gran carga viral, as\u00ed que este es un avance s\u00faper importante para nosotros. Hay que vacunarse, es la \u00fanica manera para terminar esta pandemia. La mayor\u00eda de nosotros tenemos padres adultos mayores e hijos por lo que esto nos da mucha tranquilidad\u201d enfatiz\u00f3 la funcionaria.<\/p>\n<p>Finalmente, Nolasco P\u00e9rez, director del establecimiento indic\u00f3 que \u201ces un momento hist\u00f3rico e importante para nuestra instituci\u00f3n, sobre todo que nos llena de esperanza frente a la adversidad que hemos estado viviendo durante este tiempo de pandemia, es un aliciente para nuestros funcionarios y la ciudadan\u00eda debe seguir cuid\u00e1ndose. Vemos cada vez m\u00e1s cerca la posibilidad de terminar con esta pandemia\u201d, concluy\u00f3.<\/p>\n<p>Durante los pr\u00f3ximos d\u00edas se recibir\u00e1n nuevas dosis que permitir\u00e1n avanzar en el proceso de inoculaci\u00f3n de los funcionarios y la comunidad.<\/p>\n\n\t\t<style type=\"text\/css\">\n\t\t\t#gallery-1 {\n\t\t\t\tmargin: auto;\n\t\t\t}\n\t\t\t#gallery-1 .gallery-item {\n\t\t\t\tfloat: left;\n\t\t\t\tmargin-top: 10px;\n\t\t\t\ttext-align: center;\n\t\t\t\twidth: 33%;\n\t\t\t}\n\t\t\t#gallery-1 img {\n\t\t\t\tborder: 2px solid #cfcfcf;\n\t\t\t}\n\t\t\t#gallery-1 .gallery-caption {\n\t\t\t\tmargin-left: 0;\n\t\t\t}\n\t\t\t\/* see gallery_shortcode() in wp-includes\/media.php *\/\n\t\t<\/style>\n\t\t<div id='gallery-1' class='gallery galleryid-10591 gallery-columns-3 gallery-size-thumbnail'><dl class='gallery-item'>\n\t\t\t<dt class='gallery-icon landscape'>\n\t\t\t\t<a href='https:\/\/www.hospitaldelinares.gob.cl\/?attachment_id=10593'><img loading=\"lazy\" decoding=\"async\" width=\"150\" height=\"150\" src=\"\/wp-content\/uploads\/2021\/01\/vacunacion-covid19-1-150x150.jpg\" class=\"attachment-thumbnail size-thumbnail\" alt=\"\" \/><\/a>\n\t\t\t<\/dt><\/dl><dl class='gallery-item'>\n\t\t\t<dt class='gallery-icon landscape'>\n\t\t\t\t<a href='https:\/\/www.hospitaldelinares.gob.cl\/?attachment_id=10594'><img loading=\"lazy\" decoding=\"async\" width=\"150\" height=\"150\" src=\"\/wp-content\/uploads\/2021\/01\/vacunacion-covid19-2-150x150.jpg\" class=\"attachment-thumbnail size-thumbnail\" alt=\"\" \/><\/a>\n\t\t\t<\/dt><\/dl><dl class='gallery-item'>\n\t\t\t<dt class='gallery-icon landscape'>\n\t\t\t\t<a href='https:\/\/www.hospitaldelinares.gob.cl\/?attachment_id=10595'><img loading=\"lazy\" decoding=\"async\" width=\"150\" height=\"150\" src=\"\/wp-content\/uploads\/2021\/01\/vacunacion-covid19-4-150x150.jpg\" class=\"attachment-thumbnail size-thumbnail\" alt=\"\" \/><\/a>\n\t\t\t<\/dt><\/dl><br style=\"clear: both\" \/>\n\t\t<\/div>\n\n","protected":false},"excerpt":{"rendered":"<p>Con esto se inicia el proceso de inoculaci\u00f3n que durante los pr\u00f3ximos meses espera ampliarse a la totalidad de funcionarios de salud de la provincia y grupos de riesgo Tras recibir el cargamento v\u00eda a\u00e9rea, [&hellip;]<\/p>\n","protected":false},"author":8,"featured_media":10592,"comment_status":"closed","ping_status":"closed","sticky":false,"template":"","format":"standard","meta":{"footnotes":""},"categories":[5],"tags":[],"class_list":["post-10591","post","type-post","status-publish","format-standard","hentry","category-destacados"],"_links":{"self":[{"href":"https:\/\/www.hospitaldelinares.gob.cl\/index.php?rest_route=\/wp\/v2\/posts\/10591","targetHints":{"allow":["GET"]}}],"collection":[{"href":"https:\/\/www.hospitaldelinares.gob.cl\/index.php?rest_route=\/wp\/v2\/posts"}],"about":[{"href":"https:\/\/www.hospitaldelinares.gob.cl\/index.php?rest_route=\/wp\/v2\/types\/post"}],"author":[{"embeddable":true,"href":"https:\/\/www.hospitaldelinares.gob.cl\/index.php?rest_route=\/wp\/v2\/users\/8"}],"replies":[{"embeddable":true,"href":"https:\/\/www.hospitaldelinares.gob.cl\/index.php?rest_route=%2Fwp%2Fv2%2Fcomments&post=10591"}],"version-history":[{"count":1,"href":"https:\/\/www.hospitaldelinares.gob.cl\/index.php?rest_route=\/wp\/v2\/posts\/10591\/revisions"}],"predecessor-version":[{"id":10596,"href":"https:\/\/www.hospitaldelinares.gob.cl\/index.php?rest_route=\/wp\/v2\/posts\/10591\/revisions\/10596"}],"wp:featuredmedia":[{"embeddable":true,"href":"https:\/\/www.hospitaldelinares.gob.cl\/index.php?rest_route=\/wp\/v2\/media\/10592"}],"wp:attachment":[{"href":"https:\/\/www.hospitaldelinares.gob.cl\/index.php?rest_route=%2Fwp%2Fv2%2Fmedia&parent=10591"}],"wp:term":[{"taxonomy":"category","embeddable":true,"href":"https:\/\/www.hospitaldelinares.gob.cl\/index.php?rest_route=%2Fwp%2Fv2%2Fcategories&post=10591"},{"taxonomy":"post_tag","embeddable":true,"href":"https:\/\/www.hospitaldelinares.gob.cl\/index.php?rest_route=%2Fwp%2Fv2%2Ftags&post=10591"}],"curies":[{"name":"wp","href":"https:\/\/api.w.org\/{rel}","templated":true}]}}