{"id":10553,"date":"2020-12-18T15:23:11","date_gmt":"2020-12-18T18:23:11","guid":{"rendered":"https:\/\/www.hospitaldelinares.gob.cl\/?p=10553"},"modified":"2020-12-18T15:23:11","modified_gmt":"2020-12-18T18:23:11","slug":"unidad-de-salud-mental-realiza-ciclo-de-capacitaciones-a-funcionarios-del-hospital","status":"publish","type":"post","link":"https:\/\/www.hospitaldelinares.gob.cl\/?p=10553","title":{"rendered":"Unidad de Salud Mental Realiza Ciclo de Capacitaciones a Funcionarios del Hospital"},"content":{"rendered":"<p><a href=\"\/wp-content\/uploads\/2020\/12\/capacitacion-salud-mental-red.jpg\" rel=\"lightbox\" title=\"Unidad de Salud Mental Realiza Ciclo de Capacitaciones a Funcionarios del Hospital\"><img loading=\"lazy\" decoding=\"async\" class=\"size-medium wp-image-10554 aligncenter\" src=\"\/wp-content\/uploads\/2020\/12\/capacitacion-salud-mental-red-604x320.jpg\" alt=\"\" width=\"604\" height=\"320\" srcset=\"https:\/\/www.hospitaldelinares.gob.cl\/wp-content\/uploads\/2020\/12\/capacitacion-salud-mental-red-604x320.jpg 604w, https:\/\/www.hospitaldelinares.gob.cl\/wp-content\/uploads\/2020\/12\/capacitacion-salud-mental-red.jpg 640w\" sizes=\"auto, (max-width: 604px) 100vw, 604px\" \/><\/a><\/p>\n<p><em>Primera atenci\u00f3n, contenci\u00f3n y urgencias son parte de las tem\u00e1ticas que permitir\u00e1 fortalecer las atenciones de los pacientes\u00a0 <\/em><\/p>\n<p>Las actividades de capacitaci\u00f3n se desarrollan por la unidad de salud mental adulto\u00a0junto al servicio de urgencias, Gesti\u00f3n de Camas y enfermeras supervisoras, con el fin de entregar informaci\u00f3n en cuanto a la poblaci\u00f3n\u00a0de salud mental, sus enfermedades M\u00e9dicas y s\u00edntomas psiqui\u00e1tricos, explicaci\u00f3n de la red de salud mental en apoyo de Suicidio, manejo en urgencias de agitaci\u00f3n psicomotriz y suicidio.<\/p>\n<p>Las exposiciones realizadas por los psiquiatras dra. Carmen Mar\u00edn, junto al dr. Vicente Bustos, quienes indicaron que estas capacitaciones y colaboraciones entre las unidades del establecimiento, se desarrollan con el objetivo de lograr una mayor y mejor coordinaci\u00f3n en red.<\/p>\n","protected":false},"excerpt":{"rendered":"<p>Primera atenci\u00f3n, contenci\u00f3n y urgencias son parte de las tem\u00e1ticas que permitir\u00e1 fortalecer las atenciones de los pacientes\u00a0 Las actividades de capacitaci\u00f3n se desarrollan por la unidad de salud mental adulto\u00a0junto al servicio de urgencias, [&hellip;]<\/p>\n","protected":false},"author":8,"featured_media":10554,"comment_status":"closed","ping_status":"closed","sticky":false,"template":"","format":"standard","meta":{"footnotes":""},"categories":[5],"tags":[],"class_list":["post-10553","post","type-post","status-publish","format-standard","hentry","category-destacados"],"_links":{"self":[{"href":"https:\/\/www.hospitaldelinares.gob.cl\/index.php?rest_route=\/wp\/v2\/posts\/10553","targetHints":{"allow":["GET"]}}],"collection":[{"href":"https:\/\/www.hospitaldelinares.gob.cl\/index.php?rest_route=\/wp\/v2\/posts"}],"about":[{"href":"https:\/\/www.hospitaldelinares.gob.cl\/index.php?rest_route=\/wp\/v2\/types\/post"}],"author":[{"embeddable":true,"href":"https:\/\/www.hospitaldelinares.gob.cl\/index.php?rest_route=\/wp\/v2\/users\/8"}],"replies":[{"embeddable":true,"href":"https:\/\/www.hospitaldelinares.gob.cl\/index.php?rest_route=%2Fwp%2Fv2%2Fcomments&post=10553"}],"version-history":[{"count":1,"href":"https:\/\/www.hospitaldelinares.gob.cl\/index.php?rest_route=\/wp\/v2\/posts\/10553\/revisions"}],"predecessor-version":[{"id":10555,"href":"https:\/\/www.hospitaldelinares.gob.cl\/index.php?rest_route=\/wp\/v2\/posts\/10553\/revisions\/10555"}],"wp:featuredmedia":[{"embeddable":true,"href":"https:\/\/www.hospitaldelinares.gob.cl\/index.php?rest_route=\/wp\/v2\/media\/10554"}],"wp:attachment":[{"href":"https:\/\/www.hospitaldelinares.gob.cl\/index.php?rest_route=%2Fwp%2Fv2%2Fmedia&parent=10553"}],"wp:term":[{"taxonomy":"category","embeddable":true,"href":"https:\/\/www.hospitaldelinares.gob.cl\/index.php?rest_route=%2Fwp%2Fv2%2Fcategories&post=10553"},{"taxonomy":"post_tag","embeddable":true,"href":"https:\/\/www.hospitaldelinares.gob.cl\/index.php?rest_route=%2Fwp%2Fv2%2Ftags&post=10553"}],"curies":[{"name":"wp","href":"https:\/\/api.w.org\/{rel}","templated":true}]}}