{"id":10513,"date":"2020-11-12T08:37:54","date_gmt":"2020-11-12T11:37:54","guid":{"rendered":"https:\/\/www.hospitaldelinares.gob.cl\/?p=10513"},"modified":"2020-11-12T08:37:54","modified_gmt":"2020-11-12T11:37:54","slug":"puntajes-provisorios-concurso-interno-de-encasillamiento-planta-de-tecnicos","status":"publish","type":"post","link":"https:\/\/www.hospitaldelinares.gob.cl\/?p=10513","title":{"rendered":"Puntajes provisorios Concurso interno de Encasillamiento Planta de T\u00e9cnicos"},"content":{"rendered":"<p style=\"font-weight: 400;\">Estimados Funcionarios:<\/p>\n<p style=\"font-weight: 400;\">Junto con saludar, se adjunta\u00a0 la publicaci\u00f3n de puntajes provisorios del Concurso interno de Encasillamiento planta de t\u00e9cnicos:<\/p>\n<p style=\"font-weight: 400;\"><a href=\"\/hoslina\/wp-content\/uploads\/2020\/11\/Puntajes-provisorios-Tercera-etapa-Planta-de-T\u00e9cnicos.pdf\">Puntajes provisorios Tercera etapa Planta de T\u00e9cnicos<\/a>\u00a0(hacer clic para descargar o ver archivo).<\/p>\n<p style=\"font-weight: 400;\">Recordar que la recepci\u00f3n de las apelaciones, si las hubiera, se pueden realizar desde el 12 al 18 de noviembre a m\u00e1s tardar.<\/p>\n<p style=\"font-weight: 400;\">\u00a0Saludos cordiales,<\/p>\n<p style=\"font-weight: 400;\">Pablo P\u00e9rez Polanco<\/p>\n<p style=\"font-weight: 400;\">Jefe Depto. Gesti\u00f3n de las Personas<\/p>\n","protected":false},"excerpt":{"rendered":"<p>Estimados Funcionarios: Junto con saludar, se adjunta\u00a0 la publicaci\u00f3n de puntajes provisorios del Concurso interno de Encasillamiento planta de t\u00e9cnicos: Puntajes provisorios Tercera etapa Planta de T\u00e9cnicos\u00a0(hacer clic para descargar o ver archivo). Recordar que [&hellip;]<\/p>\n","protected":false},"author":14,"featured_media":0,"comment_status":"closed","ping_status":"closed","sticky":false,"template":"","format":"standard","meta":{"footnotes":""},"categories":[84],"tags":[],"class_list":["post-10513","post","type-post","status-publish","format-standard","hentry","category-_gestionpersonas-archivos"],"_links":{"self":[{"href":"https:\/\/www.hospitaldelinares.gob.cl\/index.php?rest_route=\/wp\/v2\/posts\/10513","targetHints":{"allow":["GET"]}}],"collection":[{"href":"https:\/\/www.hospitaldelinares.gob.cl\/index.php?rest_route=\/wp\/v2\/posts"}],"about":[{"href":"https:\/\/www.hospitaldelinares.gob.cl\/index.php?rest_route=\/wp\/v2\/types\/post"}],"author":[{"embeddable":true,"href":"https:\/\/www.hospitaldelinares.gob.cl\/index.php?rest_route=\/wp\/v2\/users\/14"}],"replies":[{"embeddable":true,"href":"https:\/\/www.hospitaldelinares.gob.cl\/index.php?rest_route=%2Fwp%2Fv2%2Fcomments&post=10513"}],"version-history":[{"count":1,"href":"https:\/\/www.hospitaldelinares.gob.cl\/index.php?rest_route=\/wp\/v2\/posts\/10513\/revisions"}],"predecessor-version":[{"id":10515,"href":"https:\/\/www.hospitaldelinares.gob.cl\/index.php?rest_route=\/wp\/v2\/posts\/10513\/revisions\/10515"}],"wp:attachment":[{"href":"https:\/\/www.hospitaldelinares.gob.cl\/index.php?rest_route=%2Fwp%2Fv2%2Fmedia&parent=10513"}],"wp:term":[{"taxonomy":"category","embeddable":true,"href":"https:\/\/www.hospitaldelinares.gob.cl\/index.php?rest_route=%2Fwp%2Fv2%2Fcategories&post=10513"},{"taxonomy":"post_tag","embeddable":true,"href":"https:\/\/www.hospitaldelinares.gob.cl\/index.php?rest_route=%2Fwp%2Fv2%2Ftags&post=10513"}],"curies":[{"name":"wp","href":"https:\/\/api.w.org\/{rel}","templated":true}]}}