{"id":10496,"date":"2020-10-23T09:02:28","date_gmt":"2020-10-23T12:02:28","guid":{"rendered":"https:\/\/www.hospitaldelinares.gob.cl\/?p=10496"},"modified":"2020-10-23T09:02:28","modified_gmt":"2020-10-23T12:02:28","slug":"servicio-de-salud-maule-entrego-4-ventiladores-mecanicos-al-hospital-de-linares","status":"publish","type":"post","link":"https:\/\/www.hospitaldelinares.gob.cl\/?p=10496","title":{"rendered":"SERVICIO DE SALUD MAULE ENTREG\u00d3 4 VENTILADORES MEC\u00c1NICOS AL HOSPITAL DE LINARES"},"content":{"rendered":"<p><em>Se trata de ventiladores mec\u00e1nicos de alta gama financiados por el Ministerio de Salud con una inversi\u00f3n que super\u00f3 los 540 millones de pesos.<\/em><\/p>\n<p><a href=\"\/hoslina\/wp-content\/uploads\/2020\/10\/Entrega-Ventiladores.jpg\" rel=\"lightbox\" title=\"SERVICIO DE SALUD MAULE ENTREG\u00d3 4 VENTILADORES MEC\u00c1NICOS AL HOSPITAL DE LINARES\"><img loading=\"lazy\" decoding=\"async\" class=\"size-medium wp-image-10497 aligncenter\" src=\"\/hoslina\/wp-content\/uploads\/2020\/10\/Entrega-Ventiladores-540x320.jpg\" alt=\"Entrega Ventiladores\" width=\"540\" height=\"320\" srcset=\"https:\/\/www.hospitaldelinares.gob.cl\/wp-content\/uploads\/2020\/10\/Entrega-Ventiladores-540x320.jpg 540w, https:\/\/www.hospitaldelinares.gob.cl\/wp-content\/uploads\/2020\/10\/Entrega-Ventiladores.jpg 640w\" sizes=\"auto, (max-width: 540px) 100vw, 540px\" \/><\/a><\/p>\n<p>El director del Servicio de Salud Maule, Luis Jaime, encabez\u00f3 la entrega de cuatro ventiladores mec\u00e1nicos al Hospital de Linares, equipos que reforzar\u00e1n la Unidad de Paciente Cr\u00edtico del establecimiento y que se suman a otros catorce entregados a los hospitales de Talca y Curic\u00f3. Los nuevos ventiladores de alta gama fueron financiados por el Ministerio de Salud y alcanzan una inversi\u00f3n de m\u00e1s de $540 millones.<\/p>\n<p>El director del Servicio de Salud Maule, Dr. Luis Jaime destac\u00f3 la instancia refiriendo que con estos equipos el Hospital de Linares ha triplicado la cantidad de ventiladores con los que contaba antes del inicio de la pandemia \u201cNos hemos trasladado hasta Linares con la finalidad de hacer entrega oficial de cuatro ventiladores mec\u00e1nicos de alta gama que se suman a los que hemos ido entregando durante esta pandemia. El Hospital de Linares pre pandemia dispon\u00eda de ocho ventiladores y con estos cuatro ya sumamos treinta soluciones ventilatorias para la ciudad de Linares, para este hospital de alta complejidad, ha sido un logro y un gran orgullo para nosotros mencionar que el hospital de Linares est\u00e1 cumpliendo con su misi\u00f3n que es mantener y brindar la mejor calidad de salud de nuestros usuarios y la gente que lo necesita especialmente en esta fase de pandemia\u201d.<\/p>\n<p>En tanto, Nolasco P\u00e9rez, director del Hospital de Linares, agradeci\u00f3 la entrega de los equipos afirmando que estos constituyen un aporte para la comunidad \u201cEstamos muy contentos y emocionados porque partimos teniendo ocho ventiladores, y ahora ya contamos con treinta, hemos triplicado la cantidad inicial de ventiladores y eso es altamente satisfactorio para nuestros equipos cl\u00ednicos y sobretodo para nuestros pacientes. Nosotros nunca nos vimos enfrentados al dilema de la ultima cama y eso ha sido fruto del esfuerzo y trabajo de nuestros funcionarios, este tiempo ha sido muy intenso, pero hemos ido dando respuesta mediante la dotaci\u00f3n de infraestructura, equipamiento y personas\u201d.<\/p>\n<p>Es importante se\u00f1alar, que la Red hospitalaria de la Regi\u00f3n del Maule, ha logrado aumentar la capacidad ventilatoria en m\u00e1s de un 200% desde iniciada la pandemia, pasando de 42 camas cr\u00edticas de adulto con ventilaci\u00f3n mec\u00e1nica invasiva a 96 camas cr\u00edticas adulto con ventilaci\u00f3n mec\u00e1nica invasiva formales, adem\u00e1s de otras soluciones ventilatorias, lo que llega a la fecha a 154 dispositivos de ventilaci\u00f3n mec\u00e1nica invasiva en la regi\u00f3n.<\/p>\n","protected":false},"excerpt":{"rendered":"<p>Se trata de ventiladores mec\u00e1nicos de alta gama financiados por el Ministerio de Salud con una inversi\u00f3n que super\u00f3 los 540 millones de pesos. El director del Servicio de Salud Maule, Luis Jaime, encabez\u00f3 la [&hellip;]<\/p>\n","protected":false},"author":8,"featured_media":10497,"comment_status":"closed","ping_status":"closed","sticky":false,"template":"","format":"standard","meta":{"footnotes":""},"categories":[5],"tags":[],"class_list":["post-10496","post","type-post","status-publish","format-standard","hentry","category-destacados"],"_links":{"self":[{"href":"https:\/\/www.hospitaldelinares.gob.cl\/index.php?rest_route=\/wp\/v2\/posts\/10496","targetHints":{"allow":["GET"]}}],"collection":[{"href":"https:\/\/www.hospitaldelinares.gob.cl\/index.php?rest_route=\/wp\/v2\/posts"}],"about":[{"href":"https:\/\/www.hospitaldelinares.gob.cl\/index.php?rest_route=\/wp\/v2\/types\/post"}],"author":[{"embeddable":true,"href":"https:\/\/www.hospitaldelinares.gob.cl\/index.php?rest_route=\/wp\/v2\/users\/8"}],"replies":[{"embeddable":true,"href":"https:\/\/www.hospitaldelinares.gob.cl\/index.php?rest_route=%2Fwp%2Fv2%2Fcomments&post=10496"}],"version-history":[{"count":1,"href":"https:\/\/www.hospitaldelinares.gob.cl\/index.php?rest_route=\/wp\/v2\/posts\/10496\/revisions"}],"predecessor-version":[{"id":10498,"href":"https:\/\/www.hospitaldelinares.gob.cl\/index.php?rest_route=\/wp\/v2\/posts\/10496\/revisions\/10498"}],"wp:featuredmedia":[{"embeddable":true,"href":"https:\/\/www.hospitaldelinares.gob.cl\/index.php?rest_route=\/wp\/v2\/media\/10497"}],"wp:attachment":[{"href":"https:\/\/www.hospitaldelinares.gob.cl\/index.php?rest_route=%2Fwp%2Fv2%2Fmedia&parent=10496"}],"wp:term":[{"taxonomy":"category","embeddable":true,"href":"https:\/\/www.hospitaldelinares.gob.cl\/index.php?rest_route=%2Fwp%2Fv2%2Fcategories&post=10496"},{"taxonomy":"post_tag","embeddable":true,"href":"https:\/\/www.hospitaldelinares.gob.cl\/index.php?rest_route=%2Fwp%2Fv2%2Ftags&post=10496"}],"curies":[{"name":"wp","href":"https:\/\/api.w.org\/{rel}","templated":true}]}}